{"id":330,"date":"2016-11-10T11:21:48","date_gmt":"2016-11-10T11:21:48","guid":{"rendered":"http:\/\/docentes.fundacionginer.org\/?p=330"},"modified":"2017-04-26T11:36:28","modified_gmt":"2017-04-26T11:36:28","slug":"stem-un-enfoque-integrado-de-la-educacion-cientifica-2","status":"publish","type":"post","link":"https:\/\/docentes.fundacionginer.org\/index.php\/2016\/11\/10\/stem-un-enfoque-integrado-de-la-educacion-cientifica-2\/","title":{"rendered":"Taller: STEM, Un enfoque integrado de la educaci\u00f3n cient\u00edfica"},"content":{"rendered":"<p>Como parte del programa \u2018<a href=\"http:\/\/docentes.fundacionginer.org\/\" target=\"_blank\">Un nuevo docente para transformar la educaci\u00f3n<\/a>\u2018, que venimos\u00a0desarrollando la\u00a0desde el pasado mes de junio, esta semana se est\u00e1n desarrollando\u00a0una serie de eventos en torno a la competencia STEM que incluye:<\/p>\n<ul>\n<li>la\u00a0<a href=\"http:\/\/docentes.fundacionginer.org\/index.php\/2016\/11\/07\/stem-un-enfoque-integrado-de-la-educacion-cientifica\/\">mesa redonda celebrada el pasado martes<\/a>: \u00ab<em>STEM, un enfoque integrado de la educaci\u00f3n cient\u00edfica\u00bb<\/em>,<\/li>\n<li>una <a href=\"http:\/\/docentes.fundacionginer.org\/index.php\/2016\/11\/08\/ciencias-enfuera-del-aula\/\">conferencia que se celebra hoy<\/a>: \u00ab<em>Ciencias en\/fuera del aula\u00bb<\/em>\u00a0y<\/li>\n<li>un taller sobre STEM, que comienza ma\u00f1ana viernes 11 de noviembre, y que\u00a0cerrar\u00e1 este ciclo de actividades el pr\u00f3ximo s\u00e1bado 19 de noviembre.<\/li>\n<\/ul>\n<p><a href=\"http:\/\/docentes.fundacionginer.org\/wp-content\/uploads\/2016\/11\/talleresSTEM.png\"><img loading=\"lazy\" class=\"aligncenter wp-image-331\" src=\"http:\/\/docentes.fundacionginer.org\/wp-content\/uploads\/2016\/11\/talleresSTEM.png\" alt=\"talleresstem\" width=\"533\" height=\"400\" srcset=\"https:\/\/docentes.fundacionginer.org\/wp-content\/uploads\/2016\/11\/talleresSTEM.png 800w, https:\/\/docentes.fundacionginer.org\/wp-content\/uploads\/2016\/11\/talleresSTEM-300x225.png 300w, https:\/\/docentes.fundacionginer.org\/wp-content\/uploads\/2016\/11\/talleresSTEM-768x576.png 768w, https:\/\/docentes.fundacionginer.org\/wp-content\/uploads\/2016\/11\/talleresSTEM-640x480.png 640w\" sizes=\"(max-width: 533px) 100vw, 533px\" \/><\/a><\/p>\n<p>Este taller: \u2018<em>STEM: Un enfoque integrado de la educaci\u00f3n cient\u00edfica<\/em>\u2019\u00a0est\u00e1 estructurado en cuatro sesiones, con un claro enfoque hacia el \u00e1mbito educativo, en las que contaremos\u00a0con\u00a0<a href=\"https:\/\/twitter.com\/David_Gasku\" target=\"_blank\">David Gasku,<\/a>\u00a0<a href=\"https:\/\/twitter.com\/Cmorsoc\" target=\"_blank\">Carlos Morales<\/a>,\u00a0<a href=\"https:\/\/twitter.com\/queiruga\" target=\"_blank\">Miguel \u00c1ngel Queiruga<\/a>\u00a0y\u00a0<a href=\"https:\/\/twitter.com\/andonisanz\" target=\"_blank\">Andoni Sanz<\/a>.<\/p>\n<p>En el desarrollo\u00a0de este taller se partir\u00e1 de la necesidad de abordar el aprendizaje de matem\u00e1ticas, ciencias, tecnolog\u00eda e ingenier\u00eda de una forma integrada y\u00a0a trav\u00e9s de metodolog\u00edas activas.<\/p>\n<p>Se comenzar\u00e1 el viernes 11 de noviembre con <a href=\"https:\/\/twitter.com\/Cmorsoc\" target=\"_blank\">Carlos Morales<\/a>, que\u00a0ayudar\u00e1 a que el profesorado participante entienda que STEM es un camino viable y que se recorre dando peque\u00f1os pasos que permiten ir haci\u00e9ndose con nuevas estrategias did\u00e1cticas.\u00a0En la segunda jornada, el s\u00e1bado 12 de noviembre,\u00a0<a href=\"https:\/\/twitter.com\/queiruga\" target=\"_blank\">Miguel \u00c1ngel<\/a>\u00a0centrar\u00e1 el foco en las ciencias y las matem\u00e1ticas desde ese enfoque integrado que nos propone el STEM.<\/p>\n<p>El segundo fin de semana [18\/19 de noviembre], se abordar\u00e1\u00a0STEM desde la tecnolog\u00eda y la ingenier\u00eda comenzando con\u00a0<em><a href=\"https:\/\/scratch.mit.edu\/\" target=\"_blank\">Scratch<\/a><\/em>. De la\u00a0primera sesi\u00f3n se encargar\u00e1\u00a0<a href=\"https:\/\/twitter.com\/andonisanz\" target=\"_blank\">Andoni<\/a>, docente con una amplia y reconocida experiencia en este \u00e1mbito de conocimiento. En la \u00faltima jornada nos acercaremos al movimiento\u00a0<i>maker<\/i>, profundizando en temas de\u00a0rob\u00f3tica con Arduino. De esta sesi\u00f3n se encargar\u00e1 David, enlazando\u00a0as\u00ed con los proyectos\u00a0<a href=\"https:\/\/twitter.com\/desafiostem?lang=es\" target=\"_blank\">Desaf\u00edoSTEM<\/a>\u00a0y\u00a0<a href=\"https:\/\/www.stembyme.com\/\" target=\"_blank\">STEMbyme<\/a>\u00a0de Fundaci\u00f3n Telef\u00f3nica.<\/p>\n<p><a href=\"http:\/\/docentes.fundacionginer.org\/wp-content\/uploads\/2016\/11\/Talleres-ILE.png\"><img loading=\"lazy\" class=\"aligncenter wp-image-332\" src=\"http:\/\/docentes.fundacionginer.org\/wp-content\/uploads\/2016\/11\/Talleres-ILE-1024x582.png\" alt=\"talleres-ile\" width=\"627\" height=\"356\" srcset=\"https:\/\/docentes.fundacionginer.org\/wp-content\/uploads\/2016\/11\/Talleres-ILE-1024x582.png 1024w, https:\/\/docentes.fundacionginer.org\/wp-content\/uploads\/2016\/11\/Talleres-ILE-300x171.png 300w, https:\/\/docentes.fundacionginer.org\/wp-content\/uploads\/2016\/11\/Talleres-ILE-768x437.png 768w\" sizes=\"(max-width: 627px) 100vw, 627px\" \/><\/a><\/p>\n<p>El Taller est\u00e1 reconocido con 25 horas\u00a0como\u00a0actividad de formaci\u00f3n permanente del profesorado\u00a0por el Ministerio de Educaci\u00f3n, Ciencia y Cultura. Tienes el\u00a0programa completo\u00a0de noviembre en la\u00a0<a href=\"http:\/\/docentes.fundacionginer.org\/index.php\/noviembre\/\" target=\"_blank\">web de la Fundaci\u00f3n<\/a>. Puedes inscribirte en cualquiera de estas tres actividades usando\u00a0<a href=\"http:\/\/docentes.fundacionginer.org\/index.php\/inscripciones\/\" target=\"_blank\">este formulario<\/a>.<\/p>\n<p>Te esperamos.<\/p>\n","protected":false},"excerpt":{"rendered":"<p>Como parte del programa \u2018Un nuevo docente para transformar la educaci\u00f3n\u2018, que venimos\u00a0desarrollando la\u00a0desde el pasado mes de junio, esta semana se est\u00e1n desarrollando\u00a0una serie de eventos en torno a la competencia STEM que incluye: la\u00a0mesa redonda celebrada el pasado martes: \u00abSTEM, un enfoque integrado de la educaci\u00f3n cient\u00edfica\u00bb, una conferencia que se celebra hoy: [&hellip;]<\/p>\n","protected":false},"author":4,"featured_media":29,"comment_status":"open","ping_status":"open","sticky":false,"template":"","format":"standard","meta":[],"categories":[5],"tags":[9,46,50,44,48,47,49,41],"_links":{"self":[{"href":"https:\/\/docentes.fundacionginer.org\/index.php\/wp-json\/wp\/v2\/posts\/330"}],"collection":[{"href":"https:\/\/docentes.fundacionginer.org\/index.php\/wp-json\/wp\/v2\/posts"}],"about":[{"href":"https:\/\/docentes.fundacionginer.org\/index.php\/wp-json\/wp\/v2\/types\/post"}],"author":[{"embeddable":true,"href":"https:\/\/docentes.fundacionginer.org\/index.php\/wp-json\/wp\/v2\/users\/4"}],"replies":[{"embeddable":true,"href":"https:\/\/docentes.fundacionginer.org\/index.php\/wp-json\/wp\/v2\/comments?post=330"}],"version-history":[{"count":1,"href":"https:\/\/docentes.fundacionginer.org\/index.php\/wp-json\/wp\/v2\/posts\/330\/revisions"}],"predecessor-version":[{"id":333,"href":"https:\/\/docentes.fundacionginer.org\/index.php\/wp-json\/wp\/v2\/posts\/330\/revisions\/333"}],"wp:featuredmedia":[{"embeddable":true,"href":"https:\/\/docentes.fundacionginer.org\/index.php\/wp-json\/wp\/v2\/media\/29"}],"wp:attachment":[{"href":"https:\/\/docentes.fundacionginer.org\/index.php\/wp-json\/wp\/v2\/media?parent=330"}],"wp:term":[{"taxonomy":"category","embeddable":true,"href":"https:\/\/docentes.fundacionginer.org\/index.php\/wp-json\/wp\/v2\/categories?post=330"},{"taxonomy":"post_tag","embeddable":true,"href":"https:\/\/docentes.fundacionginer.org\/index.php\/wp-json\/wp\/v2\/tags?post=330"}],"curies":[{"name":"wp","href":"https:\/\/api.w.org\/{rel}","templated":true}]}}