{"id":267,"date":"2016-10-13T15:46:45","date_gmt":"2016-10-13T15:46:45","guid":{"rendered":"http:\/\/docentes.fundacionginer.org\/?p=267"},"modified":"2016-10-26T06:44:19","modified_gmt":"2016-10-26T06:44:19","slug":"nubes-en-el-horizonte-futuros-tecnologicos-en-la-educacion","status":"publish","type":"post","link":"https:\/\/docentes.fundacionginer.org\/index.php\/2016\/10\/13\/nubes-en-el-horizonte-futuros-tecnologicos-en-la-educacion\/","title":{"rendered":"\u00bfNubes en el Horizonte? Futuros Tecnol\u00f3gicos en la Educaci\u00f3n"},"content":{"rendered":"<p>Son muchos los autores y estudios que afirman que el futuro de la educaci\u00f3n est\u00e1 vinculado a la proliferaci\u00f3n de dispositivos tecnol\u00f3gicos y que esto est\u00e1 generando un proceso de transformaci\u00f3n en la ense\u00f1anza, orient\u00e1ndola a nuevas formas de trabajo en el aula.<\/p>\n<p>Se habla de que el avance tecnol\u00f3gico est\u00e1 llegando a las aulas y esto producir\u00e1 una incorporaci\u00f3n de los dispositivos y servicios digitales en las clases.<\/p>\n<p>Se llega a afirmar que entre el a\u00f1o 2018 y 2020, se producir\u00e1 un cambio en los textos escolares: los libros de papel ser\u00e1n sustituidos por libros digitales.<\/p>\n<p>Todos estos cambios puede dar como resultado la incorporaci\u00f3n de otras tecnolog\u00edas como la rob\u00f3tica, las conexiones m\u00f3viles, tabletas o los\u00a0m\u00f3viles, con el fin de crear y compartir conocimientos m\u00e1s que incorporarlos.<\/p>\n<p>De este nuevo panorama educativo que a veces se ve claro pero otros nuboso, nos hablar\u00e1 <a href=\"https:\/\/twitter.com\/jordi_a?lang=es\" target=\"_blank\"><strong>Jordi Adell<\/strong><\/a>, en la conferencia que se celebrar\u00e1 a las <span style=\"text-decoration: underline;\">19:00 del pr\u00f3ximo lunes 17 de octubre<\/span>: <strong>\u00bfNubes en el Horizonte? Futuros Tecnol\u00f3gicos en la Educaci\u00f3n, <\/strong>presentada y moderada por<strong> Emilio Lled\u00f3.<\/strong><\/p>\n<p><a href=\"http:\/\/docentes.fundacionginer.org\/wp-content\/uploads\/2016\/10\/anuncios.004.jpeg\"><img loading=\"lazy\" class=\"aligncenter wp-image-270\" src=\"http:\/\/docentes.fundacionginer.org\/wp-content\/uploads\/2016\/10\/anuncios.004.jpeg\" alt=\"anuncios-004\" width=\"558\" height=\"229\" srcset=\"https:\/\/docentes.fundacionginer.org\/wp-content\/uploads\/2016\/10\/anuncios.004.jpeg 825w, https:\/\/docentes.fundacionginer.org\/wp-content\/uploads\/2016\/10\/anuncios.004-300x123.jpeg 300w, https:\/\/docentes.fundacionginer.org\/wp-content\/uploads\/2016\/10\/anuncios.004-768x315.jpeg 768w\" sizes=\"(max-width: 558px) 100vw, 558px\" \/><\/a><\/p>\n<p>&nbsp;<\/p>\n<p>Os esperamos, puedes <a href=\"http:\/\/docentes.fundacionginer.org\/index.php\/inscripciones\/\" target=\"_blank\">inscribirte a trav\u00e9s de este enlace<\/a>.<\/p>\n<hr \/>\n<p><a href=\"http:\/\/docentes.fundacionginer.org\/wp-content\/uploads\/2016\/10\/bXQWqDmm_400x400.jpg\"><img loading=\"lazy\" class=\"alignleft size-thumbnail wp-image-268\" src=\"http:\/\/docentes.fundacionginer.org\/wp-content\/uploads\/2016\/10\/bXQWqDmm_400x400-150x150.jpg\" alt=\"bxqwqdmm_400x400\" width=\"150\" height=\"150\" srcset=\"https:\/\/docentes.fundacionginer.org\/wp-content\/uploads\/2016\/10\/bXQWqDmm_400x400-150x150.jpg 150w, https:\/\/docentes.fundacionginer.org\/wp-content\/uploads\/2016\/10\/bXQWqDmm_400x400-300x300.jpg 300w, https:\/\/docentes.fundacionginer.org\/wp-content\/uploads\/2016\/10\/bXQWqDmm_400x400.jpg 400w\" sizes=\"(max-width: 150px) 100vw, 150px\" \/><\/a>Jordi Adell,\u00a0licenciado en Filosof\u00eda y doctor en Ciencias de la Educaci\u00f3n por la Universidad de Valencia. Actualmente, es profesor en el Departamento de Educaci\u00f3n en la Universitat Jaume I de Castell\u00f3n. Es director del Centro de Educaci\u00f3n y Nuevas Tecnolog\u00eda de esta universidad, especializado en la mejora de la ense\u00f1anza universitaria a trav\u00e9s del uso de las nuevas tecnolog\u00edas. Su trabajo est\u00e1 especialmente enfocado a la investigaci\u00f3n de los entornos personales de aprendizaje (PLE), al an\u00e1lisis de las relaciones del aprendizaje con las tecnolog\u00edas de la informaci\u00f3n y la comunicaci\u00f3n, y a las pedagog\u00edas emergentes. Ha publicado diversos trabajos sobre estos temas, que incluyen, entre otros nuchos: <em><a href=\"https:\/\/scholar.google.es\/citations?view_op=view_citation&amp;hl=en&amp;user=ummz4n8AAAAJ&amp;sortby=pubdate&amp;citation_for_view=ummz4n8AAAAJ:I9gX6wnfuA8C\">Las pedagog\u00edas escolares emergentes<\/a> <\/em>(2015), <em>La anatom\u00eda de los PLEs (2013), <\/em>y <em>Entornos personales de aprendizaje: claves para el ecosistema educativo en red (2013)<\/em>.<\/p>\n<hr \/>\n<p><a href=\"http:\/\/docentes.fundacionginer.org\/wp-content\/uploads\/2016\/10\/200px-Emilio_Lled\u00f3.jpg\"><img loading=\"lazy\" class=\"alignleft size-thumbnail wp-image-269\" src=\"http:\/\/docentes.fundacionginer.org\/wp-content\/uploads\/2016\/10\/200px-Emilio_Lled\u00f3-150x150.jpg\" alt=\"200px-emilio_lledo\" width=\"150\" height=\"150\" \/><\/a>Emilio Lled\u00f3, fil\u00f3sofo,\u00a0ha recibido en 2015 el Premio Princesa de Asturias de Comunicaci\u00f3n y Humanidades y el Premio Nacional de las Letras. Es patrono de\u00a0la Fundaci\u00f3n Francisco Giner\u00a0de los Rios [Instituci\u00f3n Libre de Ense\u00f1anza] desde el a\u00f1o 2000 e investigador principal del proyecto de la Fundaci\u00f3n \u201cTransformar la educaci\u00f3n: lecciones del pasado y horizonte 2020\u201d. En 1993 fue elegido Acad\u00e9mico de n\u00famero de la Real Academia Espa\u00f1ola, de la que ha sido Acad\u00e9mico Bibliotecario. Tambi\u00e9n es miembro del Patronato del Museo del Prado.<\/p>\n<p>Estudi\u00f3 Filosof\u00eda y Filolog\u00eda Cl\u00e1sica en la Universidad de Madrid donde se licenci\u00f3 con Premio Extraordinario de Licenciatura en 1952. En 1953 marcha a Alemania donde, a propuesta de los profesores H.G. Gadamer y K. L\u00f6with, se le concede una beca de la Universidad de Heidelberg y, posteriormente, de\u00a0la \u00abAlexander\u00a0von Humboldt Stiftung\u00bb 1953-1955. En 1956 se doctor\u00f3 en Filosof\u00eda tambi\u00e9n con Premio Extraordinario. Ha sido profesor en la Universidad de Heidelberg, catedr\u00e1tico numerario de institutos de Ense\u00f1anza Media, catedr\u00e1tico en las Universidades de\u00a0La Laguna, Barcelona y UNED, en las que fue director de departamento, decano, vicerrector y desde\u00a01998 profesor Em\u00e9rito.<\/p>\n<p>Ha publicado m\u00e1s de doscientos trabajos de investigaci\u00f3n, libros y art\u00edculos en diversas revistas y peri\u00f3dicos, as\u00ed como diversas traducciones del griego y del alem\u00e1n; ha dirigido colecciones de cl\u00e1sicos del pensamiento y numerosas tesis de doctorado y de licenciatura.<\/p>\n<p>&nbsp;<\/p>\n","protected":false},"excerpt":{"rendered":"<p>Son muchos los autores y estudios que afirman que el futuro de la educaci\u00f3n est\u00e1 vinculado a la proliferaci\u00f3n de dispositivos tecnol\u00f3gicos y que esto est\u00e1 generando un proceso de transformaci\u00f3n en la ense\u00f1anza, orient\u00e1ndola a nuevas formas de trabajo en el aula. Se habla de que el avance tecnol\u00f3gico est\u00e1 llegando a las aulas [&hellip;]<\/p>\n","protected":false},"author":4,"featured_media":271,"comment_status":"open","ping_status":"open","sticky":false,"template":"","format":"standard","meta":[],"categories":[5],"tags":[9,32,31,30],"_links":{"self":[{"href":"https:\/\/docentes.fundacionginer.org\/index.php\/wp-json\/wp\/v2\/posts\/267"}],"collection":[{"href":"https:\/\/docentes.fundacionginer.org\/index.php\/wp-json\/wp\/v2\/posts"}],"about":[{"href":"https:\/\/docentes.fundacionginer.org\/index.php\/wp-json\/wp\/v2\/types\/post"}],"author":[{"embeddable":true,"href":"https:\/\/docentes.fundacionginer.org\/index.php\/wp-json\/wp\/v2\/users\/4"}],"replies":[{"embeddable":true,"href":"https:\/\/docentes.fundacionginer.org\/index.php\/wp-json\/wp\/v2\/comments?post=267"}],"version-history":[{"count":2,"href":"https:\/\/docentes.fundacionginer.org\/index.php\/wp-json\/wp\/v2\/posts\/267\/revisions"}],"predecessor-version":[{"id":273,"href":"https:\/\/docentes.fundacionginer.org\/index.php\/wp-json\/wp\/v2\/posts\/267\/revisions\/273"}],"wp:featuredmedia":[{"embeddable":true,"href":"https:\/\/docentes.fundacionginer.org\/index.php\/wp-json\/wp\/v2\/media\/271"}],"wp:attachment":[{"href":"https:\/\/docentes.fundacionginer.org\/index.php\/wp-json\/wp\/v2\/media?parent=267"}],"wp:term":[{"taxonomy":"category","embeddable":true,"href":"https:\/\/docentes.fundacionginer.org\/index.php\/wp-json\/wp\/v2\/categories?post=267"},{"taxonomy":"post_tag","embeddable":true,"href":"https:\/\/docentes.fundacionginer.org\/index.php\/wp-json\/wp\/v2\/tags?post=267"}],"curies":[{"name":"wp","href":"https:\/\/api.w.org\/{rel}","templated":true}]}}